{"id":6029,"date":"2016-06-06T11:50:14","date_gmt":"2016-06-06T11:50:14","guid":{"rendered":"https:\/\/catalonia.srvcactus.com\/duravit-banos-para-vivir\/"},"modified":"2016-06-06T11:50:14","modified_gmt":"2016-06-06T11:50:14","slug":"duravit-banos-para-vivir","status":"publish","type":"post","link":"https:\/\/www.cataloniaceramica.es\/es\/duravit-banos-para-vivir\/","title":{"rendered":"Duravit: Ba\u00f1os para vivir"},"content":{"rendered":"<p>Catalonia Cer\u00e1mica ha viajado al coraz\u00f3n de la Selva Negra (Baden-Wurtemberg, Alemania) para visitar las instalaciones de Duravit.<\/p>\n<p>El dise\u00f1o en el ba\u00f1o est\u00e1 unido de manera inseparable a la historia de Duravit, empresa que celebrar\u00e1 su 200 aniversario pr\u00f3ximamente.<\/p>\n<p>Con productos y series galardonados internacionalmente, Duravit ha contribuido a que el ba\u00f1o de antes se convierta en un lugar de bienestar. Por ello es l\u00f3gico que el edificio Duravit Design Center haya sido dise\u00f1ado por el arquitecto Philippe Starck, incluyendo el famoso inodoro gigante. <\/p>\n","protected":false},"excerpt":{"rendered":"<p>Catalonia Cer\u00e1mica ha viajado al coraz\u00f3n de la Selva Negra (Baden-Wurtemberg, Alemania) para visitar las instalaciones de Duravit. El dise\u00f1o en el ba\u00f1o est\u00e1 unido de manera inseparable a la historia de Duravit, empresa que celebrar\u00e1 su 200 aniversario pr\u00f3ximamente. Con productos y series galardonados internacionalmente, Duravit ha contribuido a que el ba\u00f1o de antes [&hellip;]<\/p>\n","protected":false},"author":1,"featured_media":6030,"comment_status":"open","ping_status":"open","sticky":false,"template":"","format":"standard","meta":{"_acf_changed":false,"_et_pb_use_builder":"","_et_pb_old_content":"","_et_gb_content_width":"","footnotes":""},"categories":[1],"tags":[],"class_list":["post-6029","post","type-post","status-publish","format-standard","has-post-thumbnail","hentry","category-sin-categorizar"],"acf":[],"_links":{"self":[{"href":"https:\/\/www.cataloniaceramica.es\/es\/wp-json\/wp\/v2\/posts\/6029","targetHints":{"allow":["GET"]}}],"collection":[{"href":"https:\/\/www.cataloniaceramica.es\/es\/wp-json\/wp\/v2\/posts"}],"about":[{"href":"https:\/\/www.cataloniaceramica.es\/es\/wp-json\/wp\/v2\/types\/post"}],"author":[{"embeddable":true,"href":"https:\/\/www.cataloniaceramica.es\/es\/wp-json\/wp\/v2\/users\/1"}],"replies":[{"embeddable":true,"href":"https:\/\/www.cataloniaceramica.es\/es\/wp-json\/wp\/v2\/comments?post=6029"}],"version-history":[{"count":0,"href":"https:\/\/www.cataloniaceramica.es\/es\/wp-json\/wp\/v2\/posts\/6029\/revisions"}],"wp:featuredmedia":[{"embeddable":true,"href":"https:\/\/www.cataloniaceramica.es\/es\/wp-json\/wp\/v2\/media\/6030"}],"wp:attachment":[{"href":"https:\/\/www.cataloniaceramica.es\/es\/wp-json\/wp\/v2\/media?parent=6029"}],"wp:term":[{"taxonomy":"category","embeddable":true,"href":"https:\/\/www.cataloniaceramica.es\/es\/wp-json\/wp\/v2\/categories?post=6029"},{"taxonomy":"post_tag","embeddable":true,"href":"https:\/\/www.cataloniaceramica.es\/es\/wp-json\/wp\/v2\/tags?post=6029"}],"curies":[{"name":"wp","href":"https:\/\/api.w.org\/{rel}","templated":true}]}}